[{"@context":"https:\/\/schema.org\/","@type":"Article","@id":"https:\/\/www.lacantina.cz\/zmena-je-zivot\/#Article","mainEntityOfPage":"https:\/\/www.lacantina.cz\/zmena-je-zivot\/","headline":"Zm\u011bna je \u017eivot","name":"Zm\u011bna je \u017eivot","description":"Vlastn\u00edte mal\u00fd domek na venkov\u011b? Tr\u00e1v\u00edte zde ka\u017ed\u00e9 pr\u00e1zdniny, ka\u017edou dovolenou a ka\u017ed\u00fd v\u00edkend? Jist\u011b zde m\u00e1te sv\u00e1 obl\u00edben\u00e1 m\u00edsta, kam vyrazit na v\u00fdlet, m\u00e1te zde ji\u017e sv\u00e9 z\u00e1zem\u00ed, u n\u011bho\u017e v\u00edte, s \u010d\u00edm m\u016f\u017eete po\u010d\u00edtat. Ale polo\u017ete si ruku na srdce &#8211; chce se V\u00e1m poka\u017ed\u00e9 jet na tato notoricky zn\u00e1m\u00e1 m\u00edsta? Nem\u00e1te n\u011bkdy pocit, \u017ee je to st\u00e1le [&hellip;]","datePublished":"2025-09-02","dateModified":"2025-09-02","author":{"@type":"Person","@id":"https:\/\/www.lacantina.cz\/author\/#Person","name":"","url":"https:\/\/www.lacantina.cz\/author\/","identifier":1,"image":{"@type":"ImageObject","@id":"https:\/\/secure.gravatar.com\/avatar\/baa231f7e1963b29d6549eb0e137b049d877d4e97c51386f463c7d4fc98329bd?s=96&d=mm&r=g","url":"https:\/\/secure.gravatar.com\/avatar\/baa231f7e1963b29d6549eb0e137b049d877d4e97c51386f463c7d4fc98329bd?s=96&d=mm&r=g","height":96,"width":96}},"publisher":{"@type":"Organization","name":"lacantina.cz","logo":{"@type":"ImageObject","@id":"\/logo.png","url":"\/logo.png","width":600,"height":60}},"url":"https:\/\/www.lacantina.cz\/zmena-je-zivot\/","wordCount":191,"articleBody":"Vlastn\u00edte mal\u00fd domek na venkov\u011b? Tr\u00e1v\u00edte zde ka\u017ed\u00e9 pr\u00e1zdniny, ka\u017edou dovolenou a ka\u017ed\u00fd v\u00edkend? Jist\u011b zde m\u00e1te sv\u00e1 obl\u00edben\u00e1 m\u00edsta, kam vyrazit na v\u00fdlet, m\u00e1te zde ji\u017e sv\u00e9 z\u00e1zem\u00ed, u n\u011bho\u017e v\u00edte, s \u010d\u00edm m\u016f\u017eete po\u010d\u00edtat. Ale polo\u017ete si ruku na srdce &#8211; chce se V\u00e1m poka\u017ed\u00e9 jet na tato notoricky zn\u00e1m\u00e1 m\u00edsta? Nem\u00e1te n\u011bkdy pocit, \u017ee je to st\u00e1le stejn\u00e9 a m\u00edsto cestov\u00e1n\u00ed rad\u011bji z\u016fstanete doma? Za p\u0159\u00edjemnou cenu I kdy\u017e na v\u00fd\u0161e uveden\u00e9 ot\u00e1zky odpov\u00edte ano, samoz\u0159ejm\u011b to neznamen\u00e1, \u017ee nem\u00e1te svou chatu r\u00e1di. Nicm\u00e9n\u011b zm\u011bna je v lidsk\u00e9m \u017eivot\u011b p\u0159\u00edjemn\u00fdm faktorem, ji\u017e t\u0159eba i proto, \u017ee se pak r\u00e1di vr\u00e1t\u00edme na zn\u00e1m\u00e1 m\u00edsta. Zkuste proto n\u011bkter\u00fd v\u00edkend m\u00edsto na svou chatu zav\u00edtat do chatov\u00e9 osady Elite, kter\u00e1 stoj\u00ed nedaleko M\u00e1chova jezera. Pr\u00e1v\u011b zde si m\u016f\u017eete p\u0159\u00edjemn\u011b odpo\u010dinout za cenu, kter\u00e9 nebudete litovat.                                                                                                                                                                                                                                                                                                                                                                                                "},{"@context":"https:\/\/schema.org\/","@type":"BreadcrumbList","itemListElement":[{"@type":"ListItem","position":1,"name":"Zm\u011bna je \u017eivot","item":"https:\/\/www.lacantina.cz\/zmena-je-zivot\/#breadcrumbitem"}]}]