{"@context":"https:\/\/schema.org\/","@type":"CollectionPage","@id":"https:\/\/www.lacantina.cz\/vzdelani\/#CollectionPage","headline":"Vzd\u011bl\u00e1n\u00ed Category","description":"","url":"https:\/\/www.lacantina.cz\/vzdelani\/","hasPart":[{"@type":"Article","@id":"https:\/\/www.lacantina.cz\/vahate-jit-na-vysokou-4-duvody-proc-ano\/","headline":"V\u00e1h\u00e1te j\u00edt na vysokou? 4 d\u016fvody, pro\u010d ano","url":"https:\/\/www.lacantina.cz\/vahate-jit-na-vysokou-4-duvody-proc-ano\/","datePublished":"2020-01-26","dateModified":"2023-05-01","mainEntityOfPage":"https:\/\/www.lacantina.cz\/vahate-jit-na-vysokou-4-duvody-proc-ano\/","author":{"@type":"Person","@id":"https:\/\/www.lacantina.cz\/author\/#Person","name":"","url":"https:\/\/www.lacantina.cz\/author\/","identifier":1,"image":{"@type":"ImageObject","@id":"https:\/\/secure.gravatar.com\/avatar\/baa231f7e1963b29d6549eb0e137b049d877d4e97c51386f463c7d4fc98329bd?s=96&d=mm&r=g","url":"https:\/\/secure.gravatar.com\/avatar\/baa231f7e1963b29d6549eb0e137b049d877d4e97c51386f463c7d4fc98329bd?s=96&d=mm&r=g","height":96,"width":96}},"publisher":{"@type":"Organization","name":"lacantina.cz","logo":{"@type":"ImageObject","@id":"\/logo.png","url":"\/logo.png","width":600,"height":60}},"image":{"@type":"ImageObject","@id":"https:\/\/www.lacantina.cz\/wp-content\/uploads\/img_a366897_w3043_t1579422110.jpg","url":"https:\/\/www.lacantina.cz\/wp-content\/uploads\/img_a366897_w3043_t1579422110.jpg","height":0,"width":0},"keywords":null},{"@type":"Article","@id":"https:\/\/www.lacantina.cz\/na-vzdelavani-neni-nikdy-pozde\/","headline":"Na vzd\u011bl\u00e1v\u00e1n\u00ed nen\u00ed nikdy pozd\u011b","url":"https:\/\/www.lacantina.cz\/na-vzdelavani-neni-nikdy-pozde\/","datePublished":"2020-01-17","dateModified":"2023-05-01","mainEntityOfPage":"https:\/\/www.lacantina.cz\/na-vzdelavani-neni-nikdy-pozde\/","author":{"@type":"Person","@id":"https:\/\/www.lacantina.cz\/author\/#Person","name":"","url":"https:\/\/www.lacantina.cz\/author\/","identifier":1,"image":{"@type":"ImageObject","@id":"https:\/\/secure.gravatar.com\/avatar\/baa231f7e1963b29d6549eb0e137b049d877d4e97c51386f463c7d4fc98329bd?s=96&d=mm&r=g","url":"https:\/\/secure.gravatar.com\/avatar\/baa231f7e1963b29d6549eb0e137b049d877d4e97c51386f463c7d4fc98329bd?s=96&d=mm&r=g","height":96,"width":96}},"publisher":{"@type":"Organization","name":"lacantina.cz","logo":{"@type":"ImageObject","@id":"\/logo.png","url":"\/logo.png","width":600,"height":60}},"image":{"@type":"ImageObject","@id":"https:\/\/www.lacantina.cz\/wp-content\/uploads\/img_a355527_w3214_t1569749858.jpg","url":"https:\/\/www.lacantina.cz\/wp-content\/uploads\/img_a355527_w3214_t1569749858.jpg","height":0,"width":0},"keywords":null},{"@type":"Article","@id":"https:\/\/www.lacantina.cz\/ucime-se-odmala\/","headline":"U\u010d\u00edme se odmala","url":"https:\/\/www.lacantina.cz\/ucime-se-odmala\/","datePublished":"2019-11-21","dateModified":"2019-11-21","mainEntityOfPage":"https:\/\/www.lacantina.cz\/ucime-se-odmala\/","author":{"@type":"Person","@id":"https:\/\/www.lacantina.cz\/author\/#Person","name":"","url":"https:\/\/www.lacantina.cz\/author\/","identifier":1,"image":{"@type":"ImageObject","@id":"https:\/\/secure.gravatar.com\/avatar\/baa231f7e1963b29d6549eb0e137b049d877d4e97c51386f463c7d4fc98329bd?s=96&d=mm&r=g","url":"https:\/\/secure.gravatar.com\/avatar\/baa231f7e1963b29d6549eb0e137b049d877d4e97c51386f463c7d4fc98329bd?s=96&d=mm&r=g","height":96,"width":96}},"publisher":{"@type":"Organization","name":"lacantina.cz","logo":{"@type":"ImageObject","@id":"\/logo.png","url":"\/logo.png","width":600,"height":60}},"image":{"@type":"ImageObject","@id":"https:\/\/www.lacantina.cz\/wp-content\/uploads\/img_a359416_w3781_t1573378943.jpg","url":"https:\/\/www.lacantina.cz\/wp-content\/uploads\/img_a359416_w3781_t1573378943.jpg","height":0,"width":0},"keywords":null},{"@type":"Article","@id":"https:\/\/www.lacantina.cz\/kde-nikdy-nehledat-inspiraci\/","headline":"Kde nikdy nehledat inspiraci","url":"https:\/\/www.lacantina.cz\/kde-nikdy-nehledat-inspiraci\/","datePublished":"2019-09-07","dateModified":"2023-05-01","mainEntityOfPage":"https:\/\/www.lacantina.cz\/kde-nikdy-nehledat-inspiraci\/","author":{"@type":"Person","@id":"https:\/\/www.lacantina.cz\/author\/#Person","name":"","url":"https:\/\/www.lacantina.cz\/author\/","identifier":1,"image":{"@type":"ImageObject","@id":"https:\/\/secure.gravatar.com\/avatar\/baa231f7e1963b29d6549eb0e137b049d877d4e97c51386f463c7d4fc98329bd?s=96&d=mm&r=g","url":"https:\/\/secure.gravatar.com\/avatar\/baa231f7e1963b29d6549eb0e137b049d877d4e97c51386f463c7d4fc98329bd?s=96&d=mm&r=g","height":96,"width":96}},"publisher":{"@type":"Organization","name":"lacantina.cz","logo":{"@type":"ImageObject","@id":"\/logo.png","url":"\/logo.png","width":600,"height":60}},"image":{"@type":"ImageObject","@id":"https:\/\/www.lacantina.cz\/wp-content\/uploads\/img_a367526_w1761_t1579883979.jpg","url":"https:\/\/www.lacantina.cz\/wp-content\/uploads\/img_a367526_w1761_t1579883979.jpg","height":0,"width":0},"keywords":null},{"@type":"Article","@id":"https:\/\/www.lacantina.cz\/muze-inkluze-pomoci-ke-zlepseni-ceskeho-skolstvi\/","headline":"M\u016f\u017ee inkluze pomoci ke zlep\u0161en\u00ed \u010desk\u00e9ho \u0161kolstv\u00ed?","url":"https:\/\/www.lacantina.cz\/muze-inkluze-pomoci-ke-zlepseni-ceskeho-skolstvi\/","datePublished":"2019-06-12","dateModified":"2023-05-01","mainEntityOfPage":"https:\/\/www.lacantina.cz\/muze-inkluze-pomoci-ke-zlepseni-ceskeho-skolstvi\/","author":{"@type":"Person","@id":"https:\/\/www.lacantina.cz\/author\/#Person","name":"","url":"https:\/\/www.lacantina.cz\/author\/","identifier":1,"image":{"@type":"ImageObject","@id":"https:\/\/secure.gravatar.com\/avatar\/baa231f7e1963b29d6549eb0e137b049d877d4e97c51386f463c7d4fc98329bd?s=96&d=mm&r=g","url":"https:\/\/secure.gravatar.com\/avatar\/baa231f7e1963b29d6549eb0e137b049d877d4e97c51386f463c7d4fc98329bd?s=96&d=mm&r=g","height":96,"width":96}},"publisher":{"@type":"Organization","name":"lacantina.cz","logo":{"@type":"ImageObject","@id":"\/logo.png","url":"\/logo.png","width":600,"height":60}},"image":{"@type":"ImageObject","@id":"https:\/\/www.lacantina.cz\/wp-content\/uploads\/img_a349467_w1921_t1564432961.jpg","url":"https:\/\/www.lacantina.cz\/wp-content\/uploads\/img_a349467_w1921_t1564432961.jpg","height":0,"width":0},"keywords":null}]}