[{"@context":"https:\/\/schema.org\/","@type":"Article","@id":"https:\/\/www.lacantina.cz\/trh-uz-davno-neni-trhem\/#Article","mainEntityOfPage":"https:\/\/www.lacantina.cz\/trh-uz-davno-neni-trhem\/","headline":"Trh u\u017e d\u00e1vno nen\u00ed trhem","name":"Trh u\u017e d\u00e1vno nen\u00ed trhem","description":"Kdy\u017e se po\u010dal st\u00e1vat socialistick\u00fd re\u017eim minulost\u00ed, mluvilo se o tom, \u017ee u n\u00e1s m\u00e1 zase za\u010d\u00edt fungovat tr\u017en\u00ed ekonomika. \u010c\u00edm\u017e byl pochopiteln\u011b m\u00edn\u011bn kapitalismus, co\u017e byl ale term\u00edn, jen\u017e se nevyslovoval, proto\u017ee m\u011bl po uplynul\u00fdch desetilet\u00edch vl\u00e1dy jedn\u00e9 strany touto stranou natolik zdiskreditovan\u00fd v\u00fdznam, \u017ee by se ho masy mohly ob\u00e1vat a oto\u010dit kormidlo d\u011bjin zp\u011bt. Tehdy se prost\u011b [&hellip;]","datePublished":"2021-08-11","dateModified":"2023-05-01","author":{"@type":"Person","@id":"https:\/\/www.lacantina.cz\/author\/#Person","name":"","url":"https:\/\/www.lacantina.cz\/author\/","identifier":1,"image":{"@type":"ImageObject","@id":"https:\/\/secure.gravatar.com\/avatar\/baa231f7e1963b29d6549eb0e137b049d877d4e97c51386f463c7d4fc98329bd?s=96&d=mm&r=g","url":"https:\/\/secure.gravatar.com\/avatar\/baa231f7e1963b29d6549eb0e137b049d877d4e97c51386f463c7d4fc98329bd?s=96&d=mm&r=g","height":96,"width":96}},"publisher":{"@type":"Organization","name":"lacantina.cz","logo":{"@type":"ImageObject","@id":"\/logo.png","url":"\/logo.png","width":600,"height":60}},"image":{"@type":"ImageObject","@id":"https:\/\/www.lacantina.cz\/wp-content\/uploads\/US%20dolar.jpg","url":"https:\/\/www.lacantina.cz\/wp-content\/uploads\/US%20dolar.jpg","height":0,"width":0},"url":"https:\/\/www.lacantina.cz\/trh-uz-davno-neni-trhem\/","about":["Ekonomika"],"wordCount":463,"articleBody":"   Kdy\u017e se po\u010dal st\u00e1vat socialistick\u00fd re\u017eim minulost\u00ed, mluvilo se o tom, \u017ee u n\u00e1s m\u00e1 zase za\u010d\u00edt fungovat tr\u017en\u00ed ekonomika. \u010c\u00edm\u017e byl pochopiteln\u011b m\u00edn\u011bn kapitalismus, co\u017e byl ale term\u00edn, jen\u017e se nevyslovoval, proto\u017ee m\u011bl po uplynul\u00fdch desetilet\u00edch vl\u00e1dy jedn\u00e9 strany touto stranou natolik zdiskreditovan\u00fd v\u00fdznam, \u017ee by se ho masy mohly ob\u00e1vat a oto\u010dit kormidlo d\u011bjin zp\u011bt.Tehdy se prost\u011b uva\u017eovalo o tom, \u017ee se na\u0161e ekonomika op\u011bt vyd\u00e1 tr\u017en\u00edm sm\u011brem, \u017ee bude skute\u010dn\u011b ka\u017ed\u00fd pracovat podle sv\u00fdch schopnost\u00ed a bude odm\u011b\u0148ov\u00e1n podle sv\u00e9 pr\u00e1ce, a to nejenom v rovin\u011b r\u00e9toriky, ale i skute\u010dn\u011b.Jen\u017ee to u\u017e je dnes zjevn\u011b minulost. Dnes u\u017e se neboj\u00edme vyslovovat slovo kapitalismus a nejednou se tu otev\u0159en\u011b mluv\u00ed o tom, \u017ee ho tu m\u00e1me. Ale m\u00e1me ho tu skute\u010dn\u011b?Do jist\u00e9 m\u00edry ano. M\u00e1me tu nezam\u011bstnan\u00e9, m\u00e1me tu soukrom\u00e9 podnikatele, zam\u011bstnanci se mohou s mnoha zam\u011bstnavateli dohadovat o tom, kolik cht\u011bj\u00ed za svoji pr\u00e1ci dost\u00e1vat na v\u00fdplatn\u00ed p\u00e1sce. M\u00e1me tu svobodu cestov\u00e1n\u00ed, m\u016f\u017eeme si kdykoliv sm\u011b\u0148ovat jakoukoliv m\u011bnu za n\u011bjakou jinou, m\u016f\u017eeme se st\u00e1t investory\u2026 Co\u017e jsou v\u0161echno atributy kapitalismu. A tak\u00e9 n\u00e1m tu ob\u00edhaj\u00ed pen\u00edze, a trh by nefungoval, kdyby tomu tak nebylo.Jen\u017ee do skute\u010dn\u00e9ho trhu tu m\u00e1me st\u00e1le je\u0161t\u011b daleko. A zd\u00e1 se, \u017ee po\u0159\u00e1d d\u00e1l. Proto\u017ee sledujeme-li politick\u00e9 d\u011bn\u00ed, v\u00edme, jak jsou soukromn\u00edci st\u00e1le v\u00edce ovliv\u0148ov\u00e1ni politick\u00fdmi rozhodnut\u00edmi st\u00e1tn\u00ed moci, st\u00e1le \u010dast\u011bji sl\u00fdch\u00e1me o tom, jak maj\u00ed b\u00fdt ti \u00fasp\u011b\u0161n\u00ed a bohat\u00ed v\u00edce zda\u0148ov\u00e1ni, aby se mohlo v\u00edce p\u0159erozd\u011blovat ve prosp\u011bch t\u011bch ne\u00fasp\u011b\u0161n\u00fdch a chud\u00fdch. Bankovn\u00ed trh byl nejprve vl\u00e1dn\u00edmi rozhodnut\u00edmi p\u0159iveden do situace, kdy u\u017e se mu nevypl\u00e1c\u00ed poskytovat st\u0159adatel\u016fm za jejich vlo\u017een\u00e9 pen\u00edze \u00faroky, a pak se staly st\u00e1tn\u00ed dluhopisy jedinou relativn\u011b jistou a jak\u017e tak\u017e v\u00fdnosnou investic\u00ed. Je tu \u0159ada t\u011bch, kdo \u017eij\u00ed ze st\u00e1tn\u00edch d\u00e1vek, proto\u017ee se jim nechce pracovat, a je tu i \u0159ada neobsazen\u00fdch pracovn\u00edch pozic, na kter\u00e9 se ze zoufalstv\u00ed hledaj\u00ed zam\u011bstnanci v cizin\u011b.Prost\u011b je tu cel\u00e1 \u0159ada d\u016fkaz\u016f, \u017ee v tr\u017en\u00edm hospod\u00e1\u0159stv\u00ed ne\u017eijeme. \u017de st\u00e1le v\u00edce stejn\u011b jako za dob minula akceptujeme \u201asmr\u00e1dek, ale tepl\u00ed\u010dko\u2018.                                                                                                                                                                                                                                                                                                                                                                                          4.1\/5 - (11 votes)        "},{"@context":"https:\/\/schema.org\/","@type":"BreadcrumbList","itemListElement":[{"@type":"ListItem","position":1,"name":"Trh u\u017e d\u00e1vno nen\u00ed trhem","item":"https:\/\/www.lacantina.cz\/trh-uz-davno-neni-trhem\/#breadcrumbitem"}]}]