[{"@context":"https:\/\/schema.org\/","@type":"Article","@id":"https:\/\/www.lacantina.cz\/tmava-skla-nejsou-jen-stylovy-doplnek\/#Article","mainEntityOfPage":"https:\/\/www.lacantina.cz\/tmava-skla-nejsou-jen-stylovy-doplnek\/","headline":"Tmav\u00e1 skla nejsou jen stylov\u00fd dopln\u011bk","name":"Tmav\u00e1 skla nejsou jen stylov\u00fd dopln\u011bk","description":"Jste majitelem osobn\u00edho vozidla, a \u010dasto \u0159\u00edd\u00edte? Ur\u010dit\u011b se nevyhnete \u0159\u00edzen\u00ed ani v hork\u00fdch letn\u00edch dnech. Pobyt ve sluncem roz\u017ehaven\u00e9m aut\u011b je leckdy doslova o\u010distec. Hork\u00e9 slune\u010dn\u00ed paprsky dok\u00e1\u017eou ud\u011blat z va\u0161eho auta v\u00fdhe\u0148, a n\u011bkdy je t\u0159eba po\u010dkat, ne\u017e do auta dok\u00e1\u017eete nasednout. Klimatizace je o pozn\u00e1n\u00ed lep\u0161\u00ed, ale je velk\u00e1 \u010d\u00e1st lid\u00ed, kte\u0159\u00ed maj\u00ed i star\u0161\u00ed vozidla bez [&hellip;]","datePublished":"2021-12-26","dateModified":"2023-05-01","author":{"@type":"Person","@id":"https:\/\/www.lacantina.cz\/author\/#Person","name":"","url":"https:\/\/www.lacantina.cz\/author\/","identifier":1,"image":{"@type":"ImageObject","@id":"https:\/\/secure.gravatar.com\/avatar\/baa231f7e1963b29d6549eb0e137b049d877d4e97c51386f463c7d4fc98329bd?s=96&d=mm&r=g","url":"https:\/\/secure.gravatar.com\/avatar\/baa231f7e1963b29d6549eb0e137b049d877d4e97c51386f463c7d4fc98329bd?s=96&d=mm&r=g","height":96,"width":96}},"publisher":{"@type":"Organization","name":"lacantina.cz","logo":{"@type":"ImageObject","@id":"\/logo.png","url":"\/logo.png","width":600,"height":60}},"image":{"@type":"ImageObject","@id":"https:\/\/www.lacantina.cz\/wp-content\/uploads\/car-2797169_1280.jpg","url":"https:\/\/www.lacantina.cz\/wp-content\/uploads\/car-2797169_1280.jpg","height":0,"width":0},"url":"https:\/\/www.lacantina.cz\/tmava-skla-nejsou-jen-stylovy-doplnek\/","about":["N\u00e1kupy"],"wordCount":411,"articleBody":"       Jste majitelem osobn\u00edho vozidla, a \u010dasto \u0159\u00edd\u00edte? Ur\u010dit\u011b se nevyhnete \u0159\u00edzen\u00ed ani v hork\u00fdch letn\u00edch dnech. Pobyt ve sluncem roz\u017ehaven\u00e9m aut\u011b je leckdy doslova o\u010distec. Hork\u00e9 slune\u010dn\u00ed paprsky dok\u00e1\u017eou ud\u011blat z va\u0161eho auta v\u00fdhe\u0148, a n\u011bkdy je t\u0159eba po\u010dkat, ne\u017e do auta dok\u00e1\u017eete nasednout. Klimatizace je o pozn\u00e1n\u00ed lep\u0161\u00ed, ale je velk\u00e1 \u010d\u00e1st lid\u00ed, kte\u0159\u00ed maj\u00ed i star\u0161\u00ed vozidla bez klimatizace, nebo bez automatick\u00e9 klimatizace. Nicm\u00e9n\u011b pro v\u0161echny existuje trval\u00e9 \u0159e\u0161en\u00ed, jak sn\u00ed\u017eit horko v aut\u011b, a t\u00edm jsou protislune\u010dn\u00ed folie. Dod\u00e1v\u00e1me f\u00f3lie s propustnost\u00ed sv\u011btla od 5 do 50 %.Co ud\u011blaj\u00ed s va\u0161\u00edm autem?Sn\u00ed\u017e\u00ed pr\u016fnik slune\u010dn\u00edch paprsk\u016f do kabiny vozidla Sn\u00ed\u017e\u00ed teplotu uvnit\u0159 auta Odr\u00e1\u017e\u00ed UV z\u00e1\u0159en\u00edK dost\u00e1n\u00ed jsou u n\u00e1s 3 \u0159ady foli\u00ed. Najdete u n\u00e1s Pro Nano, Carbon nano a Ceramic Carbon Nano. V \u010dem se li\u0161\u00ed jednotliv\u00e9 varianty? Samoz\u0159ejm\u011b jde o rozd\u00edlnou kvalitu a tepeln\u011b izola\u010dn\u00ed vlastnosti, od \u010deho\u017e se odv\u00edj\u00ed i cena. Nejvy\u0161\u0161\u00ed \u0159ada v\u00e1m zaru\u010d\u00ed, \u017ee ve va\u0161em vozidle ubude a\u017e 95 % tepla.Na\u0161e folie jsou vyr\u00e1b\u011bny v nejvy\u0161\u0161\u00ed kvalit\u011b, a to i ty levn\u011bj\u0161\u00ed. Ka\u017ed\u00e1 varianta v\u00e1m poskytne ochranu p\u0159ed vysok\u00fdm slune\u010dn\u00edm z\u00e1\u0159en\u00edm, a dod\u00e1 v\u00e1m pot\u0159ebn\u00fd komfort. P\u0159i pobytu v aut\u011b mus\u00ed m\u00edt \u010dlov\u011bk maxim\u00e1ln\u00ed pohodl\u00ed, aby se mohl pln\u011b soust\u0159edit na j\u00edzdu. Zvl\u00e1\u0161t\u011b pokud voz\u00edte d\u011bti, je nutn\u00e9 zajistit vozidlo tak, aby b\u011bhem cesty nedoch\u00e1zelo k tomu, \u017ee d\u011bti budou nep\u0159\u00edjemn\u00e9 a budou v\u00e1s za j\u00edzdy ru\u0161it. To m\u016f\u017ee v\u00e9st k tomu \u017ee se na vte\u0159inu oto\u010d\u00edte dozadu, a probl\u00e9m m\u016f\u017ee b\u00fdt na sv\u011bt\u011b. T\u00f3nov\u00e1n\u00ed autoskel nen\u00ed \u017e\u00e1dn\u00e1 m\u00f3da nebo nepot\u0159ebn\u00fd dopln\u011bk. Je to do jist\u00e9 m\u00edry i prvek bezpe\u010dnostn\u00ed, a nen\u00ed dobr\u00e9 podce\u0148ovat \u017e\u00e1dn\u00fd aspekt cestov\u00e1n\u00ed autem. Vyhn\u011bte se zav\u010das p\u0159\u00edpadn\u00fdm probl\u00e9m\u016fm, vyberte si pot\u0159ebnou s\u00edlu UV ochrany a propustnost tepla, a my zbav\u00edme v\u00e1\u0161 v\u016fz zbyte\u010dn\u00e9ho horka.Na\u0161e folie jsou bezpe\u010dn\u00e9 a schv\u00e1len\u00e9 na z\u00e1klad\u011b \u010desk\u00e9 legislativy k pou\u017e\u00edv\u00e1n\u00ed v \u010cesk\u00e9 republice.                                                                                                                                                                                                                                                                                                                                                                                          4.3\/5 - (9 votes)        "},{"@context":"https:\/\/schema.org\/","@type":"BreadcrumbList","itemListElement":[{"@type":"ListItem","position":1,"name":"Tmav\u00e1 skla nejsou jen stylov\u00fd dopln\u011bk","item":"https:\/\/www.lacantina.cz\/tmava-skla-nejsou-jen-stylovy-doplnek\/#breadcrumbitem"}]}]