[{"@context":"https:\/\/schema.org\/","@type":"Blog","@id":"https:\/\/www.lacantina.cz#Blog","headline":"Lacantina","description":"\nPt\u00e1te se, pro\u010d jsme stvo\u0159ili n\u00e1\u0161 web? Pak jste si ho z\u0159ejm\u011b je\u0161t\u011b dob\u0159e neprohl\u00e9dli. Jinak byste toti\u017e v\u011bd\u011bli, \u017ee se tak stalo pro va\u0161e blaho a dobro.","url":"https:\/\/www.lacantina.cz","hasPart":[{"@type":"Article","@id":"https:\/\/www.lacantina.cz\/kelly-family-opet-v-praze\/","headline":"Kelly Family op\u011bt v Praze","url":"https:\/\/www.lacantina.cz\/kelly-family-opet-v-praze\/","datePublished":"2020-02-26","dateModified":"2023-05-01","mainEntityOfPage":"https:\/\/www.lacantina.cz\/kelly-family-opet-v-praze\/","author":{"@type":"Person","@id":"https:\/\/www.lacantina.cz\/author\/#Person","name":"","url":"https:\/\/www.lacantina.cz\/author\/","identifier":1,"image":{"@type":"ImageObject","@id":"https:\/\/secure.gravatar.com\/avatar\/baa231f7e1963b29d6549eb0e137b049d877d4e97c51386f463c7d4fc98329bd?s=96&d=mm&r=g","url":"https:\/\/secure.gravatar.com\/avatar\/baa231f7e1963b29d6549eb0e137b049d877d4e97c51386f463c7d4fc98329bd?s=96&d=mm&r=g","height":96,"width":96}},"publisher":{"@type":"Organization","name":"lacantina.cz","logo":{"@type":"ImageObject","@id":"\/logo.png","url":"\/logo.png","width":600,"height":60}},"image":{"@type":"ImageObject","@id":"https:\/\/www.lacantina.cz\/wp-content\/uploads\/img_a370574_w3043_t1582193912.jpg","url":"https:\/\/www.lacantina.cz\/wp-content\/uploads\/img_a370574_w3043_t1582193912.jpg","height":0,"width":0},"wordCount":4450,"keywords":null},{"@type":"Article","@id":"https:\/\/www.lacantina.cz\/stylovy-obyvaci-pokoj-i-u-vas-doma\/","headline":"Stylov\u00fd ob\u00fdvac\u00ed pokoj i u v\u00e1s doma","url":"https:\/\/www.lacantina.cz\/stylovy-obyvaci-pokoj-i-u-vas-doma\/","datePublished":"2020-02-16","dateModified":"2023-05-01","mainEntityOfPage":"https:\/\/www.lacantina.cz\/stylovy-obyvaci-pokoj-i-u-vas-doma\/","author":{"@type":"Person","@id":"https:\/\/www.lacantina.cz\/author\/#Person","name":"","url":"https:\/\/www.lacantina.cz\/author\/","identifier":1,"image":{"@type":"ImageObject","@id":"https:\/\/secure.gravatar.com\/avatar\/baa231f7e1963b29d6549eb0e137b049d877d4e97c51386f463c7d4fc98329bd?s=96&d=mm&r=g","url":"https:\/\/secure.gravatar.com\/avatar\/baa231f7e1963b29d6549eb0e137b049d877d4e97c51386f463c7d4fc98329bd?s=96&d=mm&r=g","height":96,"width":96}},"publisher":{"@type":"Organization","name":"lacantina.cz","logo":{"@type":"ImageObject","@id":"\/logo.png","url":"\/logo.png","width":600,"height":60}},"image":{"@type":"ImageObject","@id":"https:\/\/www.lacantina.cz\/wp-content\/uploads\/img_a380487_w4397_t1591872804.jpg","url":"https:\/\/www.lacantina.cz\/wp-content\/uploads\/img_a380487_w4397_t1591872804.jpg","height":0,"width":0},"wordCount":518,"keywords":null},{"@type":"Article","@id":"https:\/\/www.lacantina.cz\/merunka-je-ovoce-ktere-se-rozplyva-na-jazyku\/","headline":"Meru\u0148ka je ovoce, kter\u00e9 se rozpl\u00fdv\u00e1 na jazyku","url":"https:\/\/www.lacantina.cz\/merunka-je-ovoce-ktere-se-rozplyva-na-jazyku\/","datePublished":"2020-02-11","dateModified":"2023-05-01","mainEntityOfPage":"https:\/\/www.lacantina.cz\/merunka-je-ovoce-ktere-se-rozplyva-na-jazyku\/","author":{"@type":"Person","@id":"https:\/\/www.lacantina.cz\/author\/#Person","name":"","url":"https:\/\/www.lacantina.cz\/author\/","identifier":1,"image":{"@type":"ImageObject","@id":"https:\/\/secure.gravatar.com\/avatar\/baa231f7e1963b29d6549eb0e137b049d877d4e97c51386f463c7d4fc98329bd?s=96&d=mm&r=g","url":"https:\/\/secure.gravatar.com\/avatar\/baa231f7e1963b29d6549eb0e137b049d877d4e97c51386f463c7d4fc98329bd?s=96&d=mm&r=g","height":96,"width":96}},"publisher":{"@type":"Organization","name":"lacantina.cz","logo":{"@type":"ImageObject","@id":"\/logo.png","url":"\/logo.png","width":600,"height":60}},"image":{"@type":"ImageObject","@id":"https:\/\/www.lacantina.cz\/wp-content\/uploads\/img_a382090_w2981_t1593592265.jpg","url":"https:\/\/www.lacantina.cz\/wp-content\/uploads\/img_a382090_w2981_t1593592265.jpg","height":0,"width":0},"wordCount":517,"keywords":null},{"@type":"Article","@id":"https:\/\/www.lacantina.cz\/nedostatek-financi-neni-az-tak-velky-problem\/","headline":"Nedostatek financ\u00ed nen\u00ed a\u017e tak velk\u00fd probl\u00e9m","url":"https:\/\/www.lacantina.cz\/nedostatek-financi-neni-az-tak-velky-problem\/","datePublished":"2020-02-07","dateModified":"2023-05-01","mainEntityOfPage":"https:\/\/www.lacantina.cz\/nedostatek-financi-neni-az-tak-velky-problem\/","author":{"@type":"Person","@id":"https:\/\/www.lacantina.cz\/author\/#Person","name":"","url":"https:\/\/www.lacantina.cz\/author\/","identifier":1,"image":{"@type":"ImageObject","@id":"https:\/\/secure.gravatar.com\/avatar\/baa231f7e1963b29d6549eb0e137b049d877d4e97c51386f463c7d4fc98329bd?s=96&d=mm&r=g","url":"https:\/\/secure.gravatar.com\/avatar\/baa231f7e1963b29d6549eb0e137b049d877d4e97c51386f463c7d4fc98329bd?s=96&d=mm&r=g","height":96,"width":96}},"publisher":{"@type":"Organization","name":"lacantina.cz","logo":{"@type":"ImageObject","@id":"\/logo.png","url":"\/logo.png","width":600,"height":60}},"image":{"@type":"ImageObject","@id":"https:\/\/www.lacantina.cz\/wp-content\/uploads\/img_a380062_w3043_t1591693203.jpg","url":"https:\/\/www.lacantina.cz\/wp-content\/uploads\/img_a380062_w3043_t1591693203.jpg","height":0,"width":0},"wordCount":589,"keywords":null},{"@type":"Article","@id":"https:\/\/www.lacantina.cz\/webova-kamera\/","headline":"Webov\u00e1 kamera","url":"https:\/\/www.lacantina.cz\/webova-kamera\/","datePublished":"2020-01-27","dateModified":"2023-05-01","mainEntityOfPage":"https:\/\/www.lacantina.cz\/webova-kamera\/","author":{"@type":"Person","@id":"https:\/\/www.lacantina.cz\/author\/#Person","name":"","url":"https:\/\/www.lacantina.cz\/author\/","identifier":1,"image":{"@type":"ImageObject","@id":"https:\/\/secure.gravatar.com\/avatar\/baa231f7e1963b29d6549eb0e137b049d877d4e97c51386f463c7d4fc98329bd?s=96&d=mm&r=g","url":"https:\/\/secure.gravatar.com\/avatar\/baa231f7e1963b29d6549eb0e137b049d877d4e97c51386f463c7d4fc98329bd?s=96&d=mm&r=g","height":96,"width":96}},"publisher":{"@type":"Organization","name":"lacantina.cz","logo":{"@type":"ImageObject","@id":"\/logo.png","url":"\/logo.png","width":600,"height":60}},"image":{"@type":"ImageObject","@id":"https:\/\/www.lacantina.cz\/wp-content\/uploads\/img_a366793_w3043_t1579375583.jpg","url":"https:\/\/www.lacantina.cz\/wp-content\/uploads\/img_a366793_w3043_t1579375583.jpg","height":0,"width":0},"wordCount":457,"keywords":null},{"@type":"Article","@id":"https:\/\/www.lacantina.cz\/vahate-jit-na-vysokou-4-duvody-proc-ano\/","headline":"V\u00e1h\u00e1te j\u00edt na vysokou? 4 d\u016fvody, pro\u010d ano","url":"https:\/\/www.lacantina.cz\/vahate-jit-na-vysokou-4-duvody-proc-ano\/","datePublished":"2020-01-26","dateModified":"2023-05-01","mainEntityOfPage":"https:\/\/www.lacantina.cz\/vahate-jit-na-vysokou-4-duvody-proc-ano\/","author":{"@type":"Person","@id":"https:\/\/www.lacantina.cz\/author\/#Person","name":"","url":"https:\/\/www.lacantina.cz\/author\/","identifier":1,"image":{"@type":"ImageObject","@id":"https:\/\/secure.gravatar.com\/avatar\/baa231f7e1963b29d6549eb0e137b049d877d4e97c51386f463c7d4fc98329bd?s=96&d=mm&r=g","url":"https:\/\/secure.gravatar.com\/avatar\/baa231f7e1963b29d6549eb0e137b049d877d4e97c51386f463c7d4fc98329bd?s=96&d=mm&r=g","height":96,"width":96}},"publisher":{"@type":"Organization","name":"lacantina.cz","logo":{"@type":"ImageObject","@id":"\/logo.png","url":"\/logo.png","width":600,"height":60}},"image":{"@type":"ImageObject","@id":"https:\/\/www.lacantina.cz\/wp-content\/uploads\/img_a366897_w3043_t1579422110.jpg","url":"https:\/\/www.lacantina.cz\/wp-content\/uploads\/img_a366897_w3043_t1579422110.jpg","height":0,"width":0},"wordCount":493,"keywords":null},{"@type":"Article","@id":"https:\/\/www.lacantina.cz\/na-vzdelavani-neni-nikdy-pozde\/","headline":"Na vzd\u011bl\u00e1v\u00e1n\u00ed nen\u00ed nikdy pozd\u011b","url":"https:\/\/www.lacantina.cz\/na-vzdelavani-neni-nikdy-pozde\/","datePublished":"2020-01-17","dateModified":"2023-05-01","mainEntityOfPage":"https:\/\/www.lacantina.cz\/na-vzdelavani-neni-nikdy-pozde\/","author":{"@type":"Person","@id":"https:\/\/www.lacantina.cz\/author\/#Person","name":"","url":"https:\/\/www.lacantina.cz\/author\/","identifier":1,"image":{"@type":"ImageObject","@id":"https:\/\/secure.gravatar.com\/avatar\/baa231f7e1963b29d6549eb0e137b049d877d4e97c51386f463c7d4fc98329bd?s=96&d=mm&r=g","url":"https:\/\/secure.gravatar.com\/avatar\/baa231f7e1963b29d6549eb0e137b049d877d4e97c51386f463c7d4fc98329bd?s=96&d=mm&r=g","height":96,"width":96}},"publisher":{"@type":"Organization","name":"lacantina.cz","logo":{"@type":"ImageObject","@id":"\/logo.png","url":"\/logo.png","width":600,"height":60}},"image":{"@type":"ImageObject","@id":"https:\/\/www.lacantina.cz\/wp-content\/uploads\/img_a355527_w3214_t1569749858.jpg","url":"https:\/\/www.lacantina.cz\/wp-content\/uploads\/img_a355527_w3214_t1569749858.jpg","height":0,"width":0},"wordCount":508,"keywords":null},{"@type":"Article","@id":"https:\/\/www.lacantina.cz\/skandinavie-na-dosah\/","headline":"Skandin\u00e1vie na dosah","url":"https:\/\/www.lacantina.cz\/skandinavie-na-dosah\/","datePublished":"2020-01-17","dateModified":"2023-05-01","mainEntityOfPage":"https:\/\/www.lacantina.cz\/skandinavie-na-dosah\/","author":{"@type":"Person","@id":"https:\/\/www.lacantina.cz\/author\/#Person","name":"","url":"https:\/\/www.lacantina.cz\/author\/","identifier":1,"image":{"@type":"ImageObject","@id":"https:\/\/secure.gravatar.com\/avatar\/baa231f7e1963b29d6549eb0e137b049d877d4e97c51386f463c7d4fc98329bd?s=96&d=mm&r=g","url":"https:\/\/secure.gravatar.com\/avatar\/baa231f7e1963b29d6549eb0e137b049d877d4e97c51386f463c7d4fc98329bd?s=96&d=mm&r=g","height":96,"width":96}},"publisher":{"@type":"Organization","name":"lacantina.cz","logo":{"@type":"ImageObject","@id":"\/logo.png","url":"\/logo.png","width":600,"height":60}},"image":{"@type":"ImageObject","@id":"https:\/\/www.lacantina.cz\/wp-content\/uploads\/img_a367652_w4379_t1580138611.jpg","url":"https:\/\/www.lacantina.cz\/wp-content\/uploads\/img_a367652_w4379_t1580138611.jpg","height":0,"width":0},"wordCount":559,"keywords":null},{"@type":"Article","@id":"https:\/\/www.lacantina.cz\/harry-potter-znovu-a-jinak\/","headline":"Harry Potter znovu a jinak","url":"https:\/\/www.lacantina.cz\/harry-potter-znovu-a-jinak\/","datePublished":"2020-01-12","dateModified":"2023-05-01","mainEntityOfPage":"https:\/\/www.lacantina.cz\/harry-potter-znovu-a-jinak\/","author":{"@type":"Person","@id":"https:\/\/www.lacantina.cz\/author\/#Person","name":"","url":"https:\/\/www.lacantina.cz\/author\/","identifier":1,"image":{"@type":"ImageObject","@id":"https:\/\/secure.gravatar.com\/avatar\/baa231f7e1963b29d6549eb0e137b049d877d4e97c51386f463c7d4fc98329bd?s=96&d=mm&r=g","url":"https:\/\/secure.gravatar.com\/avatar\/baa231f7e1963b29d6549eb0e137b049d877d4e97c51386f463c7d4fc98329bd?s=96&d=mm&r=g","height":96,"width":96}},"publisher":{"@type":"Organization","name":"lacantina.cz","logo":{"@type":"ImageObject","@id":"\/logo.png","url":"\/logo.png","width":600,"height":60}},"image":{"@type":"ImageObject","@id":"https:\/\/www.lacantina.cz\/wp-content\/uploads\/img_a352796_w3043_t1567242892.jpg","url":"https:\/\/www.lacantina.cz\/wp-content\/uploads\/img_a352796_w3043_t1567242892.jpg","height":0,"width":0},"wordCount":503,"keywords":null},{"@type":"Article","@id":"https:\/\/www.lacantina.cz\/cas-na-etiketu\/","headline":"\u010cas na etiketu","url":"https:\/\/www.lacantina.cz\/cas-na-etiketu\/","datePublished":"2020-01-12","dateModified":"2023-05-01","mainEntityOfPage":"https:\/\/www.lacantina.cz\/cas-na-etiketu\/","author":{"@type":"Person","@id":"https:\/\/www.lacantina.cz\/author\/#Person","name":"","url":"https:\/\/www.lacantina.cz\/author\/","identifier":1,"image":{"@type":"ImageObject","@id":"https:\/\/secure.gravatar.com\/avatar\/baa231f7e1963b29d6549eb0e137b049d877d4e97c51386f463c7d4fc98329bd?s=96&d=mm&r=g","url":"https:\/\/secure.gravatar.com\/avatar\/baa231f7e1963b29d6549eb0e137b049d877d4e97c51386f463c7d4fc98329bd?s=96&d=mm&r=g","height":96,"width":96}},"publisher":{"@type":"Organization","name":"lacantina.cz","logo":{"@type":"ImageObject","@id":"\/logo.png","url":"\/logo.png","width":600,"height":60}},"image":{"@type":"ImageObject","@id":"https:\/\/www.lacantina.cz\/wp-content\/uploads\/img_a354043_w3043_t1568539898.jpg","url":"https:\/\/www.lacantina.cz\/wp-content\/uploads\/img_a354043_w3043_t1568539898.jpg","height":0,"width":0},"wordCount":541,"keywords":null}]},{"@context":"https:\/\/schema.org","@type":"WebSite","@id":"https:\/\/www.lacantina.cz\/#website","name":"Lacantina","url":"https:\/\/www.lacantina.cz","potentialAction":{"@type":"SearchAction","target":"https:\/\/www.lacantina.cz\/?s={search_term_string}","query-input":"required name=search_term_string"}}]