[{"@context":"https:\/\/schema.org\/","@type":"Blog","@id":"https:\/\/www.lacantina.cz#Blog","headline":"Lacantina","description":"\nPt\u00e1te se, pro\u010d jsme stvo\u0159ili n\u00e1\u0161 web? Pak jste si ho z\u0159ejm\u011b je\u0161t\u011b dob\u0159e neprohl\u00e9dli. Jinak byste toti\u017e v\u011bd\u011bli, \u017ee se tak stalo pro va\u0161e blaho a dobro.","url":"https:\/\/www.lacantina.cz","hasPart":[{"@type":"Article","@id":"https:\/\/www.lacantina.cz\/sidlo-pro-podnikani\/","headline":"S\u00eddlo pro podnik\u00e1n\u00ed","url":"https:\/\/www.lacantina.cz\/sidlo-pro-podnikani\/","datePublished":"2020-08-14","dateModified":"2023-05-01","mainEntityOfPage":"https:\/\/www.lacantina.cz\/sidlo-pro-podnikani\/","author":{"@type":"Person","@id":"https:\/\/www.lacantina.cz\/author\/#Person","name":"","url":"https:\/\/www.lacantina.cz\/author\/","identifier":1,"image":{"@type":"ImageObject","@id":"https:\/\/secure.gravatar.com\/avatar\/baa231f7e1963b29d6549eb0e137b049d877d4e97c51386f463c7d4fc98329bd?s=96&d=mm&r=g","url":"https:\/\/secure.gravatar.com\/avatar\/baa231f7e1963b29d6549eb0e137b049d877d4e97c51386f463c7d4fc98329bd?s=96&d=mm&r=g","height":96,"width":96}},"publisher":{"@type":"Organization","name":"lacantina.cz","logo":{"@type":"ImageObject","@id":"\/logo.png","url":"\/logo.png","width":600,"height":60}},"image":{"@type":"ImageObject","@id":"https:\/\/www.lacantina.cz\/wp-content\/uploads\/s%C3%ADdlo%20spole%C4%8Dnosti.png","url":"https:\/\/www.lacantina.cz\/wp-content\/uploads\/s%C3%ADdlo%20spole%C4%8Dnosti.png","height":0,"width":0},"wordCount":637,"keywords":null},{"@type":"Article","@id":"https:\/\/www.lacantina.cz\/jak-se-lisi-detsky-stan-pro-holcicky-od-toho-pro-kluky\/","headline":"Jak se li\u0161\u00ed d\u011btsk\u00fd stan pro hol\u010di\u010dky od toho pro kluky","url":"https:\/\/www.lacantina.cz\/jak-se-lisi-detsky-stan-pro-holcicky-od-toho-pro-kluky\/","datePublished":"2020-08-08","dateModified":"2023-05-01","mainEntityOfPage":"https:\/\/www.lacantina.cz\/jak-se-lisi-detsky-stan-pro-holcicky-od-toho-pro-kluky\/","author":{"@type":"Person","@id":"https:\/\/www.lacantina.cz\/author\/#Person","name":"","url":"https:\/\/www.lacantina.cz\/author\/","identifier":1,"image":{"@type":"ImageObject","@id":"https:\/\/secure.gravatar.com\/avatar\/baa231f7e1963b29d6549eb0e137b049d877d4e97c51386f463c7d4fc98329bd?s=96&d=mm&r=g","url":"https:\/\/secure.gravatar.com\/avatar\/baa231f7e1963b29d6549eb0e137b049d877d4e97c51386f463c7d4fc98329bd?s=96&d=mm&r=g","height":96,"width":96}},"publisher":{"@type":"Organization","name":"lacantina.cz","logo":{"@type":"ImageObject","@id":"\/logo.png","url":"\/logo.png","width":600,"height":60}},"image":{"@type":"ImageObject","@id":"https:\/\/www.lacantina.cz\/wp-content\/uploads\/ksiltovka1_7.jpg","url":"https:\/\/www.lacantina.cz\/wp-content\/uploads\/ksiltovka1_7.jpg","height":0,"width":0},"wordCount":606,"keywords":null},{"@type":"Article","@id":"https:\/\/www.lacantina.cz\/kde-berou-podnikatele-penize\/","headline":"Kde berou podnikatel\u00e9 pen\u00edze?","url":"https:\/\/www.lacantina.cz\/kde-berou-podnikatele-penize\/","datePublished":"2020-07-19","dateModified":"2023-05-01","mainEntityOfPage":"https:\/\/www.lacantina.cz\/kde-berou-podnikatele-penize\/","author":{"@type":"Person","@id":"https:\/\/www.lacantina.cz\/author\/#Person","name":"","url":"https:\/\/www.lacantina.cz\/author\/","identifier":1,"image":{"@type":"ImageObject","@id":"https:\/\/secure.gravatar.com\/avatar\/baa231f7e1963b29d6549eb0e137b049d877d4e97c51386f463c7d4fc98329bd?s=96&d=mm&r=g","url":"https:\/\/secure.gravatar.com\/avatar\/baa231f7e1963b29d6549eb0e137b049d877d4e97c51386f463c7d4fc98329bd?s=96&d=mm&r=g","height":96,"width":96}},"publisher":{"@type":"Organization","name":"lacantina.cz","logo":{"@type":"ImageObject","@id":"\/logo.png","url":"\/logo.png","width":600,"height":60}},"image":{"@type":"ImageObject","@id":"https:\/\/www.lacantina.cz\/wp-content\/uploads\/nab%C3%ADdka%20pen%C4%9Bz_3.jpg","url":"https:\/\/www.lacantina.cz\/wp-content\/uploads\/nab%C3%ADdka%20pen%C4%9Bz_3.jpg","height":0,"width":0},"wordCount":631,"keywords":null},{"@type":"Article","@id":"https:\/\/www.lacantina.cz\/vestavene-skrine-nabizi-variabilni-reseni\/","headline":"Vestav\u011bn\u00e9 sk\u0159\u00edn\u011b nab\u00edz\u00ed variabiln\u00ed \u0159e\u0161en\u00ed","url":"https:\/\/www.lacantina.cz\/vestavene-skrine-nabizi-variabilni-reseni\/","datePublished":"2020-07-14","dateModified":"2023-05-01","mainEntityOfPage":"https:\/\/www.lacantina.cz\/vestavene-skrine-nabizi-variabilni-reseni\/","author":{"@type":"Person","@id":"https:\/\/www.lacantina.cz\/author\/#Person","name":"","url":"https:\/\/www.lacantina.cz\/author\/","identifier":1,"image":{"@type":"ImageObject","@id":"https:\/\/secure.gravatar.com\/avatar\/baa231f7e1963b29d6549eb0e137b049d877d4e97c51386f463c7d4fc98329bd?s=96&d=mm&r=g","url":"https:\/\/secure.gravatar.com\/avatar\/baa231f7e1963b29d6549eb0e137b049d877d4e97c51386f463c7d4fc98329bd?s=96&d=mm&r=g","height":96,"width":96}},"publisher":{"@type":"Organization","name":"lacantina.cz","logo":{"@type":"ImageObject","@id":"\/logo.png","url":"\/logo.png","width":600,"height":60}},"image":{"@type":"ImageObject","@id":"https:\/\/www.lacantina.cz\/wp-content\/uploads\/modern%C3%AD%20lo%C5%BEnice_5.jpg","url":"https:\/\/www.lacantina.cz\/wp-content\/uploads\/modern%C3%AD%20lo%C5%BEnice_5.jpg","height":0,"width":0},"wordCount":602,"keywords":null},{"@type":"Article","@id":"https:\/\/www.lacantina.cz\/mobilni-drevostavba-je-reseni-uniku-z-mestske-aglomerace\/","headline":"Mobiln\u00ed d\u0159evostavba je \u0159e\u0161en\u00ed \u00faniku z m\u011bstsk\u00e9 aglomerace","url":"https:\/\/www.lacantina.cz\/mobilni-drevostavba-je-reseni-uniku-z-mestske-aglomerace\/","datePublished":"2020-07-13","dateModified":"2023-05-01","mainEntityOfPage":"https:\/\/www.lacantina.cz\/mobilni-drevostavba-je-reseni-uniku-z-mestske-aglomerace\/","author":{"@type":"Person","@id":"https:\/\/www.lacantina.cz\/author\/#Person","name":"","url":"https:\/\/www.lacantina.cz\/author\/","identifier":1,"image":{"@type":"ImageObject","@id":"https:\/\/secure.gravatar.com\/avatar\/baa231f7e1963b29d6549eb0e137b049d877d4e97c51386f463c7d4fc98329bd?s=96&d=mm&r=g","url":"https:\/\/secure.gravatar.com\/avatar\/baa231f7e1963b29d6549eb0e137b049d877d4e97c51386f463c7d4fc98329bd?s=96&d=mm&r=g","height":96,"width":96}},"publisher":{"@type":"Organization","name":"lacantina.cz","logo":{"@type":"ImageObject","@id":"\/logo.png","url":"\/logo.png","width":600,"height":60}},"image":{"@type":"ImageObject","@id":"https:\/\/www.lacantina.cz\/wp-content\/uploads\/piknik%20na%20zahrad%C4%9B.jpg","url":"https:\/\/www.lacantina.cz\/wp-content\/uploads\/piknik%20na%20zahrad%C4%9B.jpg","height":0,"width":0},"wordCount":522,"keywords":null},{"@type":"Article","@id":"https:\/\/www.lacantina.cz\/i-ten-nejmensi-detail-je-dulezity\/","headline":"I ten nejmen\u0161\u00ed detail je d\u016fle\u017eit\u00fd","url":"https:\/\/www.lacantina.cz\/i-ten-nejmensi-detail-je-dulezity\/","datePublished":"2020-05-15","dateModified":"2020-05-15","mainEntityOfPage":"https:\/\/www.lacantina.cz\/i-ten-nejmensi-detail-je-dulezity\/","author":{"@type":"Person","@id":"https:\/\/www.lacantina.cz\/author\/#Person","name":"","url":"https:\/\/www.lacantina.cz\/author\/","identifier":1,"image":{"@type":"ImageObject","@id":"https:\/\/secure.gravatar.com\/avatar\/baa231f7e1963b29d6549eb0e137b049d877d4e97c51386f463c7d4fc98329bd?s=96&d=mm&r=g","url":"https:\/\/secure.gravatar.com\/avatar\/baa231f7e1963b29d6549eb0e137b049d877d4e97c51386f463c7d4fc98329bd?s=96&d=mm&r=g","height":96,"width":96}},"publisher":{"@type":"Organization","name":"lacantina.cz","logo":{"@type":"ImageObject","@id":"\/logo.png","url":"\/logo.png","width":600,"height":60}},"image":{"@type":"ImageObject","@id":"https:\/\/www.lacantina.cz\/wp-content\/uploads\/zip%20na%20mikin%C4%9B.jpg","url":"https:\/\/www.lacantina.cz\/wp-content\/uploads\/zip%20na%20mikin%C4%9B.jpg","height":0,"width":0},"wordCount":574,"keywords":null},{"@type":"Article","@id":"https:\/\/www.lacantina.cz\/postel-z-masivu-120-x-200-snadno-prestehujete\/","headline":"Postel z masivu 120 x 200 snadno p\u0159est\u011bhujete","url":"https:\/\/www.lacantina.cz\/postel-z-masivu-120-x-200-snadno-prestehujete\/","datePublished":"2020-05-15","dateModified":"2023-07-31","mainEntityOfPage":"https:\/\/www.lacantina.cz\/postel-z-masivu-120-x-200-snadno-prestehujete\/","author":{"@type":"Person","@id":"https:\/\/www.lacantina.cz\/author\/#Person","name":"","url":"https:\/\/www.lacantina.cz\/author\/","identifier":1,"image":{"@type":"ImageObject","@id":"https:\/\/secure.gravatar.com\/avatar\/baa231f7e1963b29d6549eb0e137b049d877d4e97c51386f463c7d4fc98329bd?s=96&d=mm&r=g","url":"https:\/\/secure.gravatar.com\/avatar\/baa231f7e1963b29d6549eb0e137b049d877d4e97c51386f463c7d4fc98329bd?s=96&d=mm&r=g","height":96,"width":96}},"publisher":{"@type":"Organization","name":"lacantina.cz","logo":{"@type":"ImageObject","@id":"\/logo.png","url":"\/logo.png","width":600,"height":60}},"image":{"@type":"ImageObject","@id":"https:\/\/www.lacantina.cz\/wp-content\/uploads\/d%C5%99ev%C4%9Bn%C3%A1%20postel_3.jpg","url":"https:\/\/www.lacantina.cz\/wp-content\/uploads\/d%C5%99ev%C4%9Bn%C3%A1%20postel_3.jpg","height":0,"width":0},"wordCount":637,"keywords":null},{"@type":"Article","@id":"https:\/\/www.lacantina.cz\/kvetiny-potesi-v-kazde-podobe\/","headline":"Kv\u011btiny pot\u011b\u0161\u00ed v ka\u017ed\u00e9 podob\u011b","url":"https:\/\/www.lacantina.cz\/kvetiny-potesi-v-kazde-podobe\/","datePublished":"2020-05-15","dateModified":"2023-05-01","mainEntityOfPage":"https:\/\/www.lacantina.cz\/kvetiny-potesi-v-kazde-podobe\/","author":{"@type":"Person","@id":"https:\/\/www.lacantina.cz\/author\/#Person","name":"","url":"https:\/\/www.lacantina.cz\/author\/","identifier":1,"image":{"@type":"ImageObject","@id":"https:\/\/secure.gravatar.com\/avatar\/baa231f7e1963b29d6549eb0e137b049d877d4e97c51386f463c7d4fc98329bd?s=96&d=mm&r=g","url":"https:\/\/secure.gravatar.com\/avatar\/baa231f7e1963b29d6549eb0e137b049d877d4e97c51386f463c7d4fc98329bd?s=96&d=mm&r=g","height":96,"width":96}},"publisher":{"@type":"Organization","name":"lacantina.cz","logo":{"@type":"ImageObject","@id":"\/logo.png","url":"\/logo.png","width":600,"height":60}},"image":{"@type":"ImageObject","@id":"https:\/\/www.lacantina.cz\/wp-content\/uploads\/img_a378761_w3043_t1589970656.jpg","url":"https:\/\/www.lacantina.cz\/wp-content\/uploads\/img_a378761_w3043_t1589970656.jpg","height":0,"width":0},"wordCount":601,"keywords":null},{"@type":"Article","@id":"https:\/\/www.lacantina.cz\/vsadte-na-design\/","headline":"Vsa\u010fte na design!","url":"https:\/\/www.lacantina.cz\/vsadte-na-design\/","datePublished":"2020-04-11","dateModified":"2023-05-01","mainEntityOfPage":"https:\/\/www.lacantina.cz\/vsadte-na-design\/","author":{"@type":"Person","@id":"https:\/\/www.lacantina.cz\/author\/#Person","name":"","url":"https:\/\/www.lacantina.cz\/author\/","identifier":1,"image":{"@type":"ImageObject","@id":"https:\/\/secure.gravatar.com\/avatar\/baa231f7e1963b29d6549eb0e137b049d877d4e97c51386f463c7d4fc98329bd?s=96&d=mm&r=g","url":"https:\/\/secure.gravatar.com\/avatar\/baa231f7e1963b29d6549eb0e137b049d877d4e97c51386f463c7d4fc98329bd?s=96&d=mm&r=g","height":96,"width":96}},"publisher":{"@type":"Organization","name":"lacantina.cz","logo":{"@type":"ImageObject","@id":"\/logo.png","url":"\/logo.png","width":600,"height":60}},"image":{"@type":"ImageObject","@id":"https:\/\/www.lacantina.cz\/wp-content\/uploads\/d%C5%99ev%C4%9Bn%C3%BD%20obklad_1.jpg","url":"https:\/\/www.lacantina.cz\/wp-content\/uploads\/d%C5%99ev%C4%9Bn%C3%BD%20obklad_1.jpg","height":0,"width":0},"wordCount":516,"keywords":null},{"@type":"Article","@id":"https:\/\/www.lacantina.cz\/v-mode-je-netradicni-a-prirodni-oznameni\/","headline":"V m\u00f3d\u011b je netradi\u010dn\u00ed a p\u0159\u00edrodn\u00ed ozn\u00e1men\u00ed","url":"https:\/\/www.lacantina.cz\/v-mode-je-netradicni-a-prirodni-oznameni\/","datePublished":"2020-03-15","dateModified":"2020-03-15","mainEntityOfPage":"https:\/\/www.lacantina.cz\/v-mode-je-netradicni-a-prirodni-oznameni\/","author":{"@type":"Person","@id":"https:\/\/www.lacantina.cz\/author\/#Person","name":"","url":"https:\/\/www.lacantina.cz\/author\/","identifier":1,"image":{"@type":"ImageObject","@id":"https:\/\/secure.gravatar.com\/avatar\/baa231f7e1963b29d6549eb0e137b049d877d4e97c51386f463c7d4fc98329bd?s=96&d=mm&r=g","url":"https:\/\/secure.gravatar.com\/avatar\/baa231f7e1963b29d6549eb0e137b049d877d4e97c51386f463c7d4fc98329bd?s=96&d=mm&r=g","height":96,"width":96}},"publisher":{"@type":"Organization","name":"lacantina.cz","logo":{"@type":"ImageObject","@id":"\/logo.png","url":"\/logo.png","width":600,"height":60}},"image":{"@type":"ImageObject","@id":"https:\/\/www.lacantina.cz\/wp-content\/uploads\/svatebn%C3%AD%20ozn%C3%A1men%C3%AD_2.jpg","url":"https:\/\/www.lacantina.cz\/wp-content\/uploads\/svatebn%C3%AD%20ozn%C3%A1men%C3%AD_2.jpg","height":0,"width":0},"wordCount":697,"keywords":null}]},{"@context":"https:\/\/schema.org","@type":"WebSite","@id":"https:\/\/www.lacantina.cz\/#website","name":"Lacantina","url":"https:\/\/www.lacantina.cz","potentialAction":{"@type":"SearchAction","target":"https:\/\/www.lacantina.cz\/?s={search_term_string}","query-input":"required name=search_term_string"}}]