[{"@context":"https:\/\/schema.org\/","@type":"Article","@id":"https:\/\/www.lacantina.cz\/co-diteti-zabalit-na-lyzarsky-vycvik\/#Article","mainEntityOfPage":"https:\/\/www.lacantina.cz\/co-diteti-zabalit-na-lyzarsky-vycvik\/","headline":"Co d\u00edt\u011bti zabalit na ly\u017ea\u0159sk\u00fd v\u00fdcvik?","name":"Co d\u00edt\u011bti zabalit na ly\u017ea\u0159sk\u00fd v\u00fdcvik?","description":"Ly\u017ea\u0159sk\u00fd v\u00fdcvik je ud\u00e1lost, na kterou se dostane \u00fapln\u011b ka\u017ed\u00fd z n\u00e1s minim\u00e1ln\u011b jednou za \u017eivot, pokud zrovna v tu dobu nen\u00ed nemocn\u00fd. To se ob\u010das stane, a \u010dlov\u011bk, kter\u00fd onemocn\u00ed, by toho m\u011bl ihned litovat, proto\u017ee ly\u017ea\u0159sk\u00fd v\u00fdcvik je opravdu ta nejlep\u0161\u00ed \u0161koln\u00ed ud\u00e1lost, kter\u00e1 m\u016f\u017ee b\u00fdt. Je to z toho d\u016fvodu, \u017ee je cel\u00fd den zaji\u0161t\u011bn program, tedy [&hellip;]","datePublished":"2022-12-24","dateModified":"2023-05-01","author":{"@type":"Person","@id":"https:\/\/www.lacantina.cz\/author\/#Person","name":"","url":"https:\/\/www.lacantina.cz\/author\/","identifier":1,"image":{"@type":"ImageObject","@id":"https:\/\/secure.gravatar.com\/avatar\/baa231f7e1963b29d6549eb0e137b049d877d4e97c51386f463c7d4fc98329bd?s=96&d=mm&r=g","url":"https:\/\/secure.gravatar.com\/avatar\/baa231f7e1963b29d6549eb0e137b049d877d4e97c51386f463c7d4fc98329bd?s=96&d=mm&r=g","height":96,"width":96}},"publisher":{"@type":"Organization","name":"lacantina.cz","logo":{"@type":"ImageObject","@id":"\/logo.png","url":"\/logo.png","width":600,"height":60}},"image":{"@type":"ImageObject","@id":"https:\/\/www.lacantina.cz\/wp-content\/uploads\/ski-932188__480_1.jpg","url":"https:\/\/www.lacantina.cz\/wp-content\/uploads\/ski-932188__480_1.jpg","height":0,"width":0},"url":"https:\/\/www.lacantina.cz\/co-diteti-zabalit-na-lyzarsky-vycvik\/","wordCount":448,"articleBody":"        Ly\u017ea\u0159sk\u00fd v\u00fdcvik je ud\u00e1lost, na kterou se dostane \u00fapln\u011b ka\u017ed\u00fd z n\u00e1s minim\u00e1ln\u011b jednou za \u017eivot, pokud zrovna v tu dobu nen\u00ed nemocn\u00fd. To se ob\u010das stane, a \u010dlov\u011bk, kter\u00fd onemocn\u00ed, by toho m\u011bl ihned litovat, proto\u017ee ly\u017ea\u0159sk\u00fd v\u00fdcvik je opravdu ta nejlep\u0161\u00ed \u0161koln\u00ed ud\u00e1lost, kter\u00e1 m\u016f\u017ee b\u00fdt. Je to z toho d\u016fvodu, \u017ee je cel\u00fd den zaji\u0161t\u011bn program, tedy ly\u017eov\u00e1n\u00ed, kter\u00fd je fajn, proto\u017ee se d\u011bti (na st\u0159edn\u00ed u\u017e ne d\u011bti) poznaj\u00ed s ostatn\u00edmi spolu\u017e\u00e1ky, se kter\u00fdmi se v \u017eivot\u011b nebavili a t\u0159eba vzniknou i nov\u00e1 p\u0159\u00e1telstv\u00ed, kter\u00e1 by neb\u00fdt ly\u017ea\u0159sk\u00e9ho v\u00fdcviku ani nevznikla. Na ly\u017e\u00edch hold vznikaj\u00ed p\u0159\u00e1telstv\u00ed, a to d\u00edky spole\u010dn\u00e9ho z\u00e1jmu, kter\u00fd je sice chvilkov\u00fd, ale m\u016f\u017ee p\u0159er\u016fst v pevn\u00e9 p\u0159\u00e1telstv\u00ed, kter\u00e9 vydr\u017e\u00ed dlouho. Proto\u017ee na ly\u017ea\u0159sk\u00e9m v\u00fdcviku jsou d\u011bti rozd\u011bleny do skupin, ve kter\u00fdch se hold vztahy upev\u0148uj\u00ed mnohem rychleji ne\u017e ve t\u0159\u00edd\u011b. V\u0161echny \u0161koln\u00ed akce jsou pro d\u011bti d\u016fvod ke sbl\u00ed\u017een\u00ed, proto\u017ee se ka\u017ed\u00fd na takov\u00e9 akci chov\u00e1 jinak ne\u017e ve \u0161kole a projev\u00ed sv\u00e9 prav\u00e9 j\u00e1, co\u017e p\u0159itahuje ostatn\u00ed, pokud se nejedn\u00e1 o n\u011bjak\u00e9ho zl\u00e9ho \u010dlov\u011bka. Co sv\u00e9mu d\u00edt\u011bti na takov\u00fd ly\u017ea\u0159sk\u00fd v\u00fdcvik zabalit? Rozhodn\u011b v\u0161e pot\u0159ebn\u00e9 na ly\u017eov\u00e1n\u00ed a nejl\u00e9pe dvakr\u00e1t, a\u0165 si nemus\u00ed odpoledne obl\u00e9kat mokr\u00e9 oble\u010den\u00ed, zejm\u00e9na p\u0159ibalit dv\u011b mikiny Didriksons, proto\u017ee \u010dlov\u011bk kdy\u017e ly\u017euje, tak je zpocen\u00fd a m\u016f\u017ee snadno onemocn\u011bt. Proto je dobr\u00e9 p\u0159ibalit s sebou dv\u011b mikiny a n\u011bkolik tri\u010dek, ta se toti\u017e propot\u00ed logicky nejrychleji. Z\u00e1rove\u0148 i pono\u017eky, kter\u00e9 b\u00fdvaj\u00ed tak\u00e9 mokr\u00e9. Hlavn\u011b p\u0159ibalte tepl\u00e9 pono\u017eky, kter\u00e9 budou tak akor\u00e1t sed\u011bt do ly\u017e\u00e1k\u016f.Z\u00e1rove\u0148 d\u00edt\u011bti zabalte n\u011bjak\u00e9 j\u00eddlo, a\u0165 m\u00e1 co j\u00edst ve\u010der na pokoji, proto\u017ee to je tak\u00e9 d\u016fle\u017eit\u00e9, j\u00eddlo nav\u00edc nejv\u00edce spojuje lidi, tak\u017ee si va\u0161e d\u00edt\u011b najde i nov\u00e1 p\u0159\u00e1telstv\u00ed d\u00edky j\u00eddla. Rozhodn\u011b nesm\u00edte zapomenout na hygienu, py\u017eamo a ru\u010dn\u00edk, zkr\u00e1tka tu klasiku, kterou si \u010dlov\u011bk mus\u00ed zabalit v\u0161ude. A to jsou ty hlavn\u00ed v\u011bci, kter\u00e9 by si va\u0161e d\u00edt\u011b m\u011blo zabalit s sebou na ly\u017ea\u0159sk\u00fd v\u00fdcvik.                                                                                                                                                                                                                                                                                                                                                                                          3.9\/5 - (14 votes)        "},{"@context":"https:\/\/schema.org\/","@type":"BreadcrumbList","itemListElement":[{"@type":"ListItem","position":1,"name":"Co d\u00edt\u011bti zabalit na ly\u017ea\u0159sk\u00fd v\u00fdcvik?","item":"https:\/\/www.lacantina.cz\/co-diteti-zabalit-na-lyzarsky-vycvik\/#breadcrumbitem"}]}]