[{"@context":"https:\/\/schema.org\/","@type":"Blog","@id":"https:\/\/www.lacantina.cz#Blog","headline":"Lacantina","description":"\nPt\u00e1te se, pro\u010d jsme stvo\u0159ili n\u00e1\u0161 web? Pak jste si ho z\u0159ejm\u011b je\u0161t\u011b dob\u0159e neprohl\u00e9dli. Jinak byste toti\u017e v\u011bd\u011bli, \u017ee se tak stalo pro va\u0161e blaho a dobro.","url":"https:\/\/www.lacantina.cz","hasPart":[{"@type":"Article","@id":"https:\/\/www.lacantina.cz\/nezoufejte-si-zacnete-jednat\/","headline":"Nezoufejte si, za\u010dn\u011bte jednat","url":"https:\/\/www.lacantina.cz\/nezoufejte-si-zacnete-jednat\/","datePublished":"2026-07-12","dateModified":"2023-05-01","mainEntityOfPage":"https:\/\/www.lacantina.cz\/nezoufejte-si-zacnete-jednat\/","author":{"@type":"Person","@id":"https:\/\/www.lacantina.cz\/author\/#Person","name":"","url":"https:\/\/www.lacantina.cz\/author\/","identifier":1,"image":{"@type":"ImageObject","@id":"https:\/\/secure.gravatar.com\/avatar\/baa231f7e1963b29d6549eb0e137b049d877d4e97c51386f463c7d4fc98329bd?s=96&d=mm&r=g","url":"https:\/\/secure.gravatar.com\/avatar\/baa231f7e1963b29d6549eb0e137b049d877d4e97c51386f463c7d4fc98329bd?s=96&d=mm&r=g","height":96,"width":96}},"publisher":{"@type":"Organization","name":"lacantina.cz","logo":{"@type":"ImageObject","@id":"\/logo.png","url":"\/logo.png","width":600,"height":60}},"image":{"@type":"ImageObject","@id":"https:\/\/www.lacantina.cz\/wp-content\/uploads\/art284736_4x3_20260819_214725_OM0r1q.jpg","url":"https:\/\/www.lacantina.cz\/wp-content\/uploads\/art284736_4x3_20260819_214725_OM0r1q.jpg","height":0,"width":0},"wordCount":570,"keywords":null},{"@type":"Article","@id":"https:\/\/www.lacantina.cz\/rozdelovani-majetku-pri-rozchodu-nesezdanych-paru\/","headline":"Rozd\u011blov\u00e1n\u00ed majetku p\u0159i rozchodu nesezdan\u00fdch p\u00e1r\u016f","url":"https:\/\/www.lacantina.cz\/rozdelovani-majetku-pri-rozchodu-nesezdanych-paru\/","datePublished":"2026-06-01","dateModified":"2023-05-01","mainEntityOfPage":"https:\/\/www.lacantina.cz\/rozdelovani-majetku-pri-rozchodu-nesezdanych-paru\/","author":{"@type":"Person","@id":"https:\/\/www.lacantina.cz\/author\/#Person","name":"","url":"https:\/\/www.lacantina.cz\/author\/","identifier":1,"image":{"@type":"ImageObject","@id":"https:\/\/secure.gravatar.com\/avatar\/baa231f7e1963b29d6549eb0e137b049d877d4e97c51386f463c7d4fc98329bd?s=96&d=mm&r=g","url":"https:\/\/secure.gravatar.com\/avatar\/baa231f7e1963b29d6549eb0e137b049d877d4e97c51386f463c7d4fc98329bd?s=96&d=mm&r=g","height":96,"width":96}},"publisher":{"@type":"Organization","name":"lacantina.cz","logo":{"@type":"ImageObject","@id":"\/logo.png","url":"\/logo.png","width":600,"height":60}},"image":{"@type":"ImageObject","@id":"https:\/\/www.lacantina.cz\/wp-content\/uploads\/art279207_16x9_20260612_155153_k1tdCw.jpg","url":"https:\/\/www.lacantina.cz\/wp-content\/uploads\/art279207_16x9_20260612_155153_k1tdCw.jpg","height":0,"width":0},"wordCount":592,"keywords":null},{"@type":"Article","@id":"https:\/\/www.lacantina.cz\/co-odhaluje-revize-hromosvodu\/","headline":"Co odhaluje revize hromosvodu","url":"https:\/\/www.lacantina.cz\/co-odhaluje-revize-hromosvodu\/","datePublished":"2025-12-08","dateModified":"2025-12-08","mainEntityOfPage":"https:\/\/www.lacantina.cz\/co-odhaluje-revize-hromosvodu\/","author":{"@type":"Person","@id":"https:\/\/www.lacantina.cz\/author\/#Person","name":"","url":"https:\/\/www.lacantina.cz\/author\/","identifier":1,"image":{"@type":"ImageObject","@id":"https:\/\/secure.gravatar.com\/avatar\/baa231f7e1963b29d6549eb0e137b049d877d4e97c51386f463c7d4fc98329bd?s=96&d=mm&r=g","url":"https:\/\/secure.gravatar.com\/avatar\/baa231f7e1963b29d6549eb0e137b049d877d4e97c51386f463c7d4fc98329bd?s=96&d=mm&r=g","height":96,"width":96}},"publisher":{"@type":"Organization","name":"lacantina.cz","logo":{"@type":"ImageObject","@id":"\/logo.png","url":"\/logo.png","width":600,"height":60}},"image":{"@type":"ImageObject","@id":"https:\/\/www.lacantina.cz\/wp-content\/uploads\/lightning-2702168_640_4.jpg","url":"https:\/\/www.lacantina.cz\/wp-content\/uploads\/lightning-2702168_640_4.jpg","height":0,"width":0},"wordCount":558,"keywords":null},{"@type":"Article","@id":"https:\/\/www.lacantina.cz\/zmena-je-zivot\/","headline":"Zm\u011bna je \u017eivot","url":"https:\/\/www.lacantina.cz\/zmena-je-zivot\/","datePublished":"2025-09-02","dateModified":"2025-09-02","mainEntityOfPage":"https:\/\/www.lacantina.cz\/zmena-je-zivot\/","author":{"@type":"Person","@id":"https:\/\/www.lacantina.cz\/author\/#Person","name":"","url":"https:\/\/www.lacantina.cz\/author\/","identifier":1,"image":{"@type":"ImageObject","@id":"https:\/\/secure.gravatar.com\/avatar\/baa231f7e1963b29d6549eb0e137b049d877d4e97c51386f463c7d4fc98329bd?s=96&d=mm&r=g","url":"https:\/\/secure.gravatar.com\/avatar\/baa231f7e1963b29d6549eb0e137b049d877d4e97c51386f463c7d4fc98329bd?s=96&d=mm&r=g","height":96,"width":96}},"publisher":{"@type":"Organization","name":"lacantina.cz","logo":{"@type":"ImageObject","@id":"\/logo.png","url":"\/logo.png","width":600,"height":60}},"image":null,"wordCount":233,"keywords":null},{"@type":"Article","@id":"https:\/\/www.lacantina.cz\/zmena-je-zivot\/","headline":"Zm\u011bna je \u017eivot","url":"https:\/\/www.lacantina.cz\/zmena-je-zivot\/","datePublished":"2025-09-02","dateModified":"2025-09-02","mainEntityOfPage":"https:\/\/www.lacantina.cz\/zmena-je-zivot\/","author":{"@type":"Person","@id":"https:\/\/www.lacantina.cz\/author\/#Person","name":"","url":"https:\/\/www.lacantina.cz\/author\/","identifier":1,"image":{"@type":"ImageObject","@id":"https:\/\/secure.gravatar.com\/avatar\/baa231f7e1963b29d6549eb0e137b049d877d4e97c51386f463c7d4fc98329bd?s=96&d=mm&r=g","url":"https:\/\/secure.gravatar.com\/avatar\/baa231f7e1963b29d6549eb0e137b049d877d4e97c51386f463c7d4fc98329bd?s=96&d=mm&r=g","height":96,"width":96}},"publisher":{"@type":"Organization","name":"lacantina.cz","logo":{"@type":"ImageObject","@id":"\/logo.png","url":"\/logo.png","width":600,"height":60}},"image":null,"wordCount":233,"keywords":null},{"@type":"Article","@id":"https:\/\/www.lacantina.cz\/vyhodne-zajezdy-po-cr-i-za-hranice\/","headline":"V\u00fdhodn\u00e9 z\u00e1jezdy po \u010cR i za hranice","url":"https:\/\/www.lacantina.cz\/vyhodne-zajezdy-po-cr-i-za-hranice\/","datePublished":"2025-08-27","dateModified":"2025-08-27","mainEntityOfPage":"https:\/\/www.lacantina.cz\/vyhodne-zajezdy-po-cr-i-za-hranice\/","author":{"@type":"Person","@id":"https:\/\/www.lacantina.cz\/author\/#Person","name":"","url":"https:\/\/www.lacantina.cz\/author\/","identifier":1,"image":{"@type":"ImageObject","@id":"https:\/\/secure.gravatar.com\/avatar\/baa231f7e1963b29d6549eb0e137b049d877d4e97c51386f463c7d4fc98329bd?s=96&d=mm&r=g","url":"https:\/\/secure.gravatar.com\/avatar\/baa231f7e1963b29d6549eb0e137b049d877d4e97c51386f463c7d4fc98329bd?s=96&d=mm&r=g","height":96,"width":96}},"publisher":{"@type":"Organization","name":"lacantina.cz","logo":{"@type":"ImageObject","@id":"\/logo.png","url":"\/logo.png","width":600,"height":60}},"image":null,"wordCount":282,"keywords":null},{"@type":"Article","@id":"https:\/\/www.lacantina.cz\/vymena\/","headline":"V\u00fdm\u011bna!","url":"https:\/\/www.lacantina.cz\/vymena\/","datePublished":"2025-08-23","dateModified":"2025-08-23","mainEntityOfPage":"https:\/\/www.lacantina.cz\/vymena\/","author":{"@type":"Person","@id":"https:\/\/www.lacantina.cz\/author\/#Person","name":"","url":"https:\/\/www.lacantina.cz\/author\/","identifier":1,"image":{"@type":"ImageObject","@id":"https:\/\/secure.gravatar.com\/avatar\/baa231f7e1963b29d6549eb0e137b049d877d4e97c51386f463c7d4fc98329bd?s=96&d=mm&r=g","url":"https:\/\/secure.gravatar.com\/avatar\/baa231f7e1963b29d6549eb0e137b049d877d4e97c51386f463c7d4fc98329bd?s=96&d=mm&r=g","height":96,"width":96}},"publisher":{"@type":"Organization","name":"lacantina.cz","logo":{"@type":"ImageObject","@id":"\/logo.png","url":"\/logo.png","width":600,"height":60}},"image":null,"wordCount":238,"keywords":null},{"@type":"Article","@id":"https:\/\/www.lacantina.cz\/mali-budou-mit-radost\/","headline":"Mal\u00ed budou m\u00edt radost","url":"https:\/\/www.lacantina.cz\/mali-budou-mit-radost\/","datePublished":"2025-08-16","dateModified":"2025-08-16","mainEntityOfPage":"https:\/\/www.lacantina.cz\/mali-budou-mit-radost\/","author":{"@type":"Person","@id":"https:\/\/www.lacantina.cz\/author\/#Person","name":"","url":"https:\/\/www.lacantina.cz\/author\/","identifier":1,"image":{"@type":"ImageObject","@id":"https:\/\/secure.gravatar.com\/avatar\/baa231f7e1963b29d6549eb0e137b049d877d4e97c51386f463c7d4fc98329bd?s=96&d=mm&r=g","url":"https:\/\/secure.gravatar.com\/avatar\/baa231f7e1963b29d6549eb0e137b049d877d4e97c51386f463c7d4fc98329bd?s=96&d=mm&r=g","height":96,"width":96}},"publisher":{"@type":"Organization","name":"lacantina.cz","logo":{"@type":"ImageObject","@id":"\/logo.png","url":"\/logo.png","width":600,"height":60}},"image":null,"wordCount":209,"keywords":null},{"@type":"Article","@id":"https:\/\/www.lacantina.cz\/perfektni-kus-do-bytu\/","headline":"Perfektn\u00ed kus do bytu","url":"https:\/\/www.lacantina.cz\/perfektni-kus-do-bytu\/","datePublished":"2025-08-07","dateModified":"2025-08-07","mainEntityOfPage":"https:\/\/www.lacantina.cz\/perfektni-kus-do-bytu\/","author":{"@type":"Person","@id":"https:\/\/www.lacantina.cz\/author\/#Person","name":"","url":"https:\/\/www.lacantina.cz\/author\/","identifier":1,"image":{"@type":"ImageObject","@id":"https:\/\/secure.gravatar.com\/avatar\/baa231f7e1963b29d6549eb0e137b049d877d4e97c51386f463c7d4fc98329bd?s=96&d=mm&r=g","url":"https:\/\/secure.gravatar.com\/avatar\/baa231f7e1963b29d6549eb0e137b049d877d4e97c51386f463c7d4fc98329bd?s=96&d=mm&r=g","height":96,"width":96}},"publisher":{"@type":"Organization","name":"lacantina.cz","logo":{"@type":"ImageObject","@id":"\/logo.png","url":"\/logo.png","width":600,"height":60}},"image":null,"wordCount":229,"keywords":null},{"@type":"Article","@id":"https:\/\/www.lacantina.cz\/muzete-je-mit-i-do-svych-kancelari\/","headline":"M\u016f\u017eete je m\u00edt i do sv\u00fdch kancel\u00e1\u0159\u00ed","url":"https:\/\/www.lacantina.cz\/muzete-je-mit-i-do-svych-kancelari\/","datePublished":"2025-08-01","dateModified":"2025-08-01","mainEntityOfPage":"https:\/\/www.lacantina.cz\/muzete-je-mit-i-do-svych-kancelari\/","author":{"@type":"Person","@id":"https:\/\/www.lacantina.cz\/author\/#Person","name":"","url":"https:\/\/www.lacantina.cz\/author\/","identifier":1,"image":{"@type":"ImageObject","@id":"https:\/\/secure.gravatar.com\/avatar\/baa231f7e1963b29d6549eb0e137b049d877d4e97c51386f463c7d4fc98329bd?s=96&d=mm&r=g","url":"https:\/\/secure.gravatar.com\/avatar\/baa231f7e1963b29d6549eb0e137b049d877d4e97c51386f463c7d4fc98329bd?s=96&d=mm&r=g","height":96,"width":96}},"publisher":{"@type":"Organization","name":"lacantina.cz","logo":{"@type":"ImageObject","@id":"\/logo.png","url":"\/logo.png","width":600,"height":60}},"image":null,"wordCount":202,"keywords":null}]},{"@context":"https:\/\/schema.org","@type":"WebSite","@id":"https:\/\/www.lacantina.cz\/#website","name":"Lacantina","url":"https:\/\/www.lacantina.cz","potentialAction":{"@type":"SearchAction","target":"https:\/\/www.lacantina.cz\/?s={search_term_string}","query-input":"required name=search_term_string"}}]